{"id":1738,"date":"2019-04-17T10:14:18","date_gmt":"2019-04-17T14:14:18","guid":{"rendered":"http:\/\/ggimmobilier.com\/?p=1738"},"modified":"2019-04-17T10:14:19","modified_gmt":"2019-04-17T14:14:19","slug":"un-19e-trimestre-en-hausse-consecutive-pour-la-vente-immobiliere-au-quebec","status":"publish","type":"post","link":"https:\/\/ggimmobilier.com\/en\/non-classe\/un-19e-trimestre-en-hausse-consecutive-pour-la-vente-immobiliere-au-quebec\/","title":{"rendered":"Un 19e trimestre en hausse cons\u00e9cutive pour la vente immobili\u00e8re au Qu\u00e9bec"},"content":{"rendered":"\n<p>Les ventes r\u00e9sidentielles ont poursuivi leur progression au Qu\u00e9bec au premier trimestre. Dans le reste du Canada, les donn\u00e9es gravitent autour des niveaux les plus faibles en six ans. <\/p>\n\n\n\n<p>S\u2019inspirant des statistiques compil\u00e9es sur le r\u00e9seau Centris des courtiers immobiliers, la F\u00e9d\u00e9ration des chambres immobili\u00e8res du Qu\u00e9bec (FCIQ) indique que 23 667 ventes r\u00e9sidentielles ont \u00e9t\u00e9 r\u00e9alis\u00e9es au premier trimestre de 2019, soit une hausse de 8 % par rapport au trimestre correspondant de 2018. \u00ab Il s\u2019agit d\u2019un 19e trimestre d\u2019affil\u00e9e de hausse \u00bb, indique la f\u00e9d\u00e9ration. \u00c0 titre de comparaison, selon les donn\u00e9es de l\u2019Association canadienne de l\u2019immeuble (ACI) recueillies sur le syst\u00e8me interagences, les ventes r\u00e9sidentielles ont recul\u00e9 d\u2019environ 3 % \u00e0 l\u2019\u00e9chelle canadienne entre les deux trimestres de comparaison.<\/p>\n\n\n\n<p>Sur la sc\u00e8ne qu\u00e9b\u00e9coise, les ventes r\u00e9sidentielles ont augment\u00e9 de 7 % dans la maison unifamiliale, de 12 % dans les condos et de 1 % dans les plex.<\/p>\n\n\n\n<p>Poursuivant sa lecture du march\u00e9, la FCIQ a ajout\u00e9 que le nombre de propri\u00e9t\u00e9s \u00e0 vendre a poursuivi sa baisse, \u00ab affichant une diminution de l\u2019offre pour un 13e trimestre d\u2019affil\u00e9e \u00bb. Au total, 61 885 propri\u00e9t\u00e9s r\u00e9sidentielles \u00e9taient inscrites sur Centris, soit 9 % de moins qu\u2019au 31 mars 2018. Pour sa part, le prix m\u00e9dian pour l\u2019ensemble du Qu\u00e9bec a augment\u00e9 de 3 % \u00e0 255 000 $ pour les maisons unifamiliales et de 1 % \u00e0 231 000 $ pour les condos. Il est demeur\u00e9 inchang\u00e9 \u00e0 385 000 $ dans le segment des plex.<\/p>\n\n\n\n<p>Au Canada, l\u2019ACI a pr\u00e9cis\u00e9 que les ventes r\u00e9sidentielles ont augment\u00e9 de 0,9 % en mars apr\u00e8s avoir connu une \u00ab importante chute \u00bb en f\u00e9vrier. Sur une base trimestrielle, le repli oscille autour de 3 % par rapport au premier trimestre de 2018. En mars, les ventes r\u00e9sidentielles r\u00e9elles ont toutefois chut\u00e9 de 4,6 % d\u2019une ann\u00e9e \u00e0 l\u2019autre pour atteindre leur niveau le plus bas depuis 2013. \u00ab Elles se situaient aussi \u00e0 pr\u00e8s de 12 % en de\u00e7\u00e0 de la moyenne sur dix ans pour le mois de mars. \u00bb<\/p>\n\n\n\n<p>Source : Le Devoir, 16 avril 2019, G\u00e9rard B\u00e9rub\u00e9<\/p>\n","protected":false},"excerpt":{"rendered":"<p>Les ventes r\u00e9sidentielles ont poursuivi leur progression au Qu\u00e9bec au premier trimestre. Dans le reste du Canada, les donn\u00e9es gravitent autour des niveaux les plus faibles en six ans. S\u2019inspirant des statistiques compil\u00e9es sur le r\u00e9seau Centris des courtiers immobiliers, la F\u00e9d\u00e9ration des chambres immobili\u00e8res du Qu\u00e9bec (FCIQ) indique que 23 667 ventes r\u00e9sidentielles ont [&hellip;]<\/p>\n","protected":false},"author":648,"featured_media":0,"comment_status":"open","ping_status":"open","sticky":false,"template":"","format":"standard","meta":{"_acf_changed":false,"footnotes":""},"categories":[1],"tags":[27,21,45,44,26,42,48,43,34,37,46,47],"class_list":["post-1738","post","type-post","status-publish","format-standard","hentry","category-non-classe","tag-agent-immobilier","tag-condo","tag-condo-a-vendre","tag-condos-vendus-maison-vendues","tag-courtier-immobilier","tag-immobilier","tag-immobilier-montreal","tag-immobilier-quebecois","tag-maison","tag-maison-a-vendre","tag-vente-immobiliere","tag-vente-residentielle"],"acf":[],"_links":{"self":[{"href":"https:\/\/ggimmobilier.com\/en\/wp-json\/wp\/v2\/posts\/1738","targetHints":{"allow":["GET"]}}],"collection":[{"href":"https:\/\/ggimmobilier.com\/en\/wp-json\/wp\/v2\/posts"}],"about":[{"href":"https:\/\/ggimmobilier.com\/en\/wp-json\/wp\/v2\/types\/post"}],"author":[{"embeddable":true,"href":"https:\/\/ggimmobilier.com\/en\/wp-json\/wp\/v2\/users\/648"}],"replies":[{"embeddable":true,"href":"https:\/\/ggimmobilier.com\/en\/wp-json\/wp\/v2\/comments?post=1738"}],"version-history":[{"count":1,"href":"https:\/\/ggimmobilier.com\/en\/wp-json\/wp\/v2\/posts\/1738\/revisions"}],"predecessor-version":[{"id":1739,"href":"https:\/\/ggimmobilier.com\/en\/wp-json\/wp\/v2\/posts\/1738\/revisions\/1739"}],"wp:attachment":[{"href":"https:\/\/ggimmobilier.com\/en\/wp-json\/wp\/v2\/media?parent=1738"}],"wp:term":[{"taxonomy":"category","embeddable":true,"href":"https:\/\/ggimmobilier.com\/en\/wp-json\/wp\/v2\/categories?post=1738"},{"taxonomy":"post_tag","embeddable":true,"href":"https:\/\/ggimmobilier.com\/en\/wp-json\/wp\/v2\/tags?post=1738"}],"curies":[{"name":"wp","href":"https:\/\/api.w.org\/{rel}","templated":true}]}}