{"id":2206,"date":"2020-09-15T12:24:16","date_gmt":"2020-09-15T16:24:16","guid":{"rendered":"http:\/\/ggimmobilier.com\/?p=2206"},"modified":"2020-09-15T13:05:56","modified_gmt":"2020-09-15T17:05:56","slug":"a-montreal-un-futur-plus-dense-sans-voitures","status":"publish","type":"post","link":"https:\/\/ggimmobilier.com\/en\/economie-et-finances\/a-montreal-un-futur-plus-dense-sans-voitures\/","title":{"rendered":"\u00c0 Montr\u00e9al, un futur plus dense, sans voitures"},"content":{"rendered":"\n<p>Des villes denses, quasi sans voitures, o\u00f9 le t\u00e9l\u00e9travail est devenu la norme&nbsp;: voil\u00e0 \u00e0 quoi devrait ressembler la grande r\u00e9gion de Montr\u00e9al en 2061 si l\u2019on veut esp\u00e9rer r\u00e9duire les cons\u00e9quences sanitaires et environnementales des transports, selon des chercheurs. Si la pand\u00e9mie a permis d\u2019adopter massivement le t\u00e9l\u00e9travail nous rapprochant de ce \u00ab&nbsp;sc\u00e9nario optimal&nbsp;\u00bb, elle nous en \u00e9loigne aussi en favorisant l\u2019\u00e9talement urbain.<\/p>\n\n\n\n<p>\u00ab&nbsp;L\u2019important, c\u2019est de limiter les distances que les individus pourraient parcourir en voiture, et surtout limiter le nombre de voitures en favorisant d\u2019autres moyens de se d\u00e9placer. C\u2019est vraiment le nerf de la guerre&nbsp;\u00bb, dit Audrey Smargiassi, professeure \u00e0 l\u2019\u00c9cole de sant\u00e9 publique de l\u2019Universit\u00e9 de Montr\u00e9al.<\/p>\n\n\n\n<p>Avec un groupe de chercheurs canadiens et am\u00e9ricains, elle a r\u00e9alis\u00e9 une \u00e9tude interdisciplinaire \u2014 publi\u00e9e cet \u00e9t\u00e9 dans la revue&nbsp;<em>Environmental Research&nbsp;<\/em>\u2014 qui imagine \u00e0 quoi pourraient ressembler Montr\u00e9al et les municipalit\u00e9s de sa premi\u00e8re et deuxi\u00e8me couronne dans 40&nbsp;ans. En jouant avec diff\u00e9rents facteurs, ils ont mod\u00e9lis\u00e9 plusieurs sc\u00e9narios dans le but de trouver celui qui s\u2019approche le plus d\u2019une ville durable, c\u2019est-\u00e0-dire aux cons\u00e9quences sanitaires et environnementales limit\u00e9es.<\/p>\n\n\n\n<p>Dans ce \u00ab\u00a0sc\u00e9nario optimal\u00a0\u00bb, la grande r\u00e9gion de Montr\u00e9al accueille en 2061 environ 5,2\u00a0millions d\u2019habitants (contre 4,1\u00a0millions selon le recensement de 2016). Ils r\u00e9sident dans des quartiers dens\u00e9ment peupl\u00e9s, qui restent toutefois \u00e0 \u00e9chelle humaine gr\u00e2ce \u00e0 une panoplie de services de proximit\u00e9. La grande majorit\u00e9 des personnes ont d\u00e9laiss\u00e9 la voiture pour lui pr\u00e9f\u00e9rer \u2014 et de loin \u2014 la marche, le v\u00e9lo ou encore le transport en commun, dont l\u2019offre a explos\u00e9. R\u00e9seau express m\u00e9tropolitain (<a href=\"https:\/\/www.ledevoir.com\/REM\">REM<\/a>), ligne rose, prolongement des lignes bleu et orange, tramway\u00a0: tous les projets sur la table ont \u00e9t\u00e9 ajout\u00e9s dans ce sc\u00e9nario du futur. Mais puisque le t\u00e9l\u00e9travail y est devenu la norme, les d\u00e9placements urbains restent limit\u00e9s.<\/p>\n\n\n\n<p>R\u00e9sultats&nbsp;: moins de voitures sur les routes, moins de blessures caus\u00e9es par des accidents, moins d\u2019\u00e9missions de gaz \u00e0 effet de serre et donc moins de maladies li\u00e9es \u00e0 la pollution.<\/p>\n\n\n\n<p>\u00ab&nbsp;Les traumatismes routiers \u2014 les accidents avec les pi\u00e9tons et les cyclistes surtout \u2014 ainsi que la pollution de l\u2019air sont les plus importants probl\u00e8mes de sant\u00e9 d\u00e9coulant des transports. Des probl\u00e8mes li\u00e9s \u00e0 l\u2019utilisation de l\u2019automobile. Dans notre sc\u00e9nario optimal qui limite les d\u00e9placements motoris\u00e9s, on a observ\u00e9 jusqu\u2019\u00e0 40&nbsp;% de r\u00e9duction de ces impacts n\u00e9gatifs [compar\u00e9 au sc\u00e9nario de base dans lequel on ne change rien \u00e0 la situation avant pand\u00e9mie]&nbsp;\u00bb, souligne Audrey Smargiassi.<\/p>\n\n\n\n<p>\u00c0 l\u2019inverse, les transports actifs am\u00e9liorent la sant\u00e9 des individus en maintenant leur bonne sant\u00e9 cardiovasculaire et en r\u00e9duisant le risque de diab\u00e8te, de cancer du sein et de cancer colorectal, pr\u00e9cise l\u2019\u00e9tude.<\/p>\n\n\n\n<p>\u00ab&nbsp;C\u2019est s\u00fbr que le t\u00e9l\u00e9travail implique moins d\u2019activit\u00e9 physique au quotidien. Mais les effets b\u00e9n\u00e9fiques sur la sant\u00e9 restent plus importants avec ce mod\u00e8le. Le t\u00e9l\u00e9travail change beaucoup de choses&nbsp;\u00bb, poursuit la chercheuse.<\/p>\n\n\n\n<p><strong>T\u00e9l\u00e9travail<\/strong><\/p>\n\n\n\n<p>Et si miser autant sur le facteur \u00ab&nbsp;t\u00e9l\u00e9travail \u00bb \u00e9tait une id\u00e9e \u00ab&nbsp;farfelue&nbsp;\u00bb au moment de leurs recherches, avant la pand\u00e9mie, ce dernier s\u2019est impos\u00e9 dans la vie de bien des Qu\u00e9b\u00e9cois comme une nouvelle normalit\u00e9 dans les derniers mois.<\/p>\n\n\n\n<p>\u00ab&nbsp;On a fait un pas de g\u00e9ant avec la pand\u00e9mie. Jamais on n\u2019aurait imagin\u00e9 pouvoir atteindre un taux de t\u00e9l\u00e9travail aussi \u00e9lev\u00e9 et aussi rapidement il y a encore six mois&nbsp;\u00bb, se r\u00e9jouit pour sa part la titulaire de la Chaire Mobilit\u00e9 de Polytechnique Montr\u00e9al, Catherine Morency, qui a aussi travaill\u00e9 sur cette \u00e9tude.<\/p>\n\n\n\n<p>\u00c0 ses yeux, la pand\u00e9mie a permis de nous rapprocher de ce \u00ab\u00a0sc\u00e9nario optimal\u00a0\u00bb en imposant un changement consid\u00e9rable dans nos habitudes de travail. Et d\u2019apr\u00e8s les plus r\u00e9cents sondages, les Qu\u00e9b\u00e9cois ne sont pas press\u00e9s de retrouver leur ancien bureau. Selon un coup de sonde d\u2019ADP Canada, une firme sp\u00e9cialis\u00e9e en gestion de ressources humaines, pr\u00e8s de six Qu\u00e9b\u00e9cois sur dix (59\u00a0%) pr\u00e9f\u00e9reraient travailler \u00e0 distance au moins trois jours par semaine \u00e0 l\u2019avenir.<\/p>\n\n\n\n<p>Les traumatismes routiers \u2014 les accidents avec les pi\u00e9tons et les cyclistes surtout \u2014 ainsi que la pollution de l\u2019air sont les plus importants probl\u00e8mes de sant\u00e9 d\u00e9coulant des transports. Des probl\u00e8mes li\u00e9s \u00e0 l\u2019utilisation de l\u2019automobile. Dans notre sc\u00e9nario optimal qui limite les d\u00e9placements motoris\u00e9s, on a observ\u00e9 jusqu\u2019\u00e0 40\u00a0% de r\u00e9duction de ces impacts n\u00e9gatifs. <strong>\u2014 Audrey Smargiassi<\/strong><\/p>\n\n\n\n<p>Mais contre toute attente, le t\u00e9l\u00e9travail a aussi induit un effet pervers auquel les chercheurs ne s\u2019attendaient pas&nbsp;: l\u2019exode vers les r\u00e9gions et donc l\u2019\u00e9talement urbain. Ayant la possibilit\u00e9 de travailler de la maison, nombre de personnes y ont vu l\u2019occasion de chercher un logement plus grand et plus proche de la nature. Selon les calculs de l\u2019Association professionnelle des courtiers immobiliers du Qu\u00e9bec, il y a eu 41&nbsp;% de transactions de plus entre juin et ao\u00fbt dans les r\u00e9gions qui entourent la m\u00e9tropole, contre une hausse de seulement 20&nbsp;% dans la m\u00e9tropole.<\/p>\n\n\n\n<p>\u00ab&nbsp;Le risque avec l\u2019\u00e9talement urbain, c\u2019est que \u00e7a s\u2019accompagne de la d\u00e9pendance \u00e0 l\u2019auto, note Catherine Morency. Mais est-ce que les gens ach\u00e8tent une deuxi\u00e8me r\u00e9sidence, un chalet, pour s\u2019\u00e9vader les fins de semaine, ou est-ce un vrai d\u00e9m\u00e9nagement ailleurs&nbsp;? Il va falloir surveiller \u00e7a.&nbsp;\u00bb<\/p>\n\n\n\n<p><strong>Retenir les urbains<\/strong><\/p>\n\n\n\n<p>Cette envie de quitter la grande ville t\u00e9moigne, selon elle, de l\u2019incapacit\u00e9 du milieu urbain \u00e0 r\u00e9pondre aux besoins des citoyens en temps de pand\u00e9mie. Il faut ramener la nature en ville et rendre les logements plus abordables, sugg\u00e8re notamment la chercheuse.<\/p>\n\n\n\n<p>Mais le plus important est de d\u00e9courager l\u2019utilisation de l\u2019automobile et, pour le moment, peu de choses sont mises en place \u00ab&nbsp;pour sortir quelqu\u2019un de son auto&nbsp;\u00bb. Le gouvernement devrait se montrer \u00ab&nbsp;moins permissif&nbsp;\u00bb en taxant davantage l\u2019essence, les grosses voitures, l\u2019immatriculation, donne-t-elle en exemple. Et en contrepartie, il faut offrir plus de substituts \u00e0 la voiture en am\u00e9liorant l\u2019offre de services en transport collectif.<\/p>\n\n\n\n<p>Un \u00ab\u00a0r\u00e9\u00e9quilibrage de l\u2019espace\u00a0\u00bb est aussi n\u00e9cessaire pour d\u00e9courager les d\u00e9placements motoris\u00e9s. \u00ab\u00a0En implantant le t\u00e9l\u00e9travail, on retire certes beaucoup de voitures sur les routes, mais on rend aussi l\u2019utilisation de l\u2019automobile plus attrayante puisqu\u2019il y a moins de congestion. Il faut inverser la tendance, faire des rues pi\u00e9tonnes, des rues partag\u00e9es, plus de pistes cyclables. On cr\u00e9e alors des milieux de vie plus agr\u00e9ables.\u00a0\u00bb<\/p>\n\n\n\n<p>Source : Le Devoir, 14 septembre 2020, par Annabelle Caillou<\/p>\n","protected":false},"excerpt":{"rendered":"<p>Des villes denses, quasi sans voitures, o\u00f9 le t\u00e9l\u00e9travail est devenu la norme&nbsp;: voil\u00e0 \u00e0 quoi devrait ressembler la grande r\u00e9gion de Montr\u00e9al en 2061 si l\u2019on veut esp\u00e9rer r\u00e9duire les cons\u00e9quences sanitaires et environnementales des transports, selon des chercheurs. Si la pand\u00e9mie a permis d\u2019adopter massivement le t\u00e9l\u00e9travail nous rapprochant de ce \u00ab&nbsp;sc\u00e9nario optimal&nbsp;\u00bb, [&hellip;]<\/p>\n","protected":false},"author":648,"featured_media":0,"comment_status":"open","ping_status":"open","sticky":false,"template":"","format":"standard","meta":{"_acf_changed":false,"footnotes":""},"categories":[6],"tags":[150,149,137,142,138,144,140,145,147,151,77,141,139,153,152,148,146,143],"class_list":["post-2206","post","type-post","status-publish","format-standard","hentry","category-economie-et-finances","tag-covid19","tag-environement","tag-futurdemontreal","tag-futurimmobilierdemontreal","tag-futurmontreal","tag-immobilier2020","tag-immobiliermontreal","tag-marcheimmobilier","tag-marcheimmobilier2020","tag-marcheimmobiliermontreal2020","tag-montreal","tag-montreal2020","tag-montrealdufutur","tag-pandemie","tag-pandemie2020","tag-teletravail","tag-urbanisme","tag-urbanismemontreal"],"acf":[],"_links":{"self":[{"href":"https:\/\/ggimmobilier.com\/en\/wp-json\/wp\/v2\/posts\/2206","targetHints":{"allow":["GET"]}}],"collection":[{"href":"https:\/\/ggimmobilier.com\/en\/wp-json\/wp\/v2\/posts"}],"about":[{"href":"https:\/\/ggimmobilier.com\/en\/wp-json\/wp\/v2\/types\/post"}],"author":[{"embeddable":true,"href":"https:\/\/ggimmobilier.com\/en\/wp-json\/wp\/v2\/users\/648"}],"replies":[{"embeddable":true,"href":"https:\/\/ggimmobilier.com\/en\/wp-json\/wp\/v2\/comments?post=2206"}],"version-history":[{"count":1,"href":"https:\/\/ggimmobilier.com\/en\/wp-json\/wp\/v2\/posts\/2206\/revisions"}],"predecessor-version":[{"id":2207,"href":"https:\/\/ggimmobilier.com\/en\/wp-json\/wp\/v2\/posts\/2206\/revisions\/2207"}],"wp:attachment":[{"href":"https:\/\/ggimmobilier.com\/en\/wp-json\/wp\/v2\/media?parent=2206"}],"wp:term":[{"taxonomy":"category","embeddable":true,"href":"https:\/\/ggimmobilier.com\/en\/wp-json\/wp\/v2\/categories?post=2206"},{"taxonomy":"post_tag","embeddable":true,"href":"https:\/\/ggimmobilier.com\/en\/wp-json\/wp\/v2\/tags?post=2206"}],"curies":[{"name":"wp","href":"https:\/\/api.w.org\/{rel}","templated":true}]}}